{"id":153,"date":"2022-12-11T12:47:40","date_gmt":"2022-12-11T12:47:40","guid":{"rendered":"http:\/\/kierunki.stronazen.pl\/?p=153"},"modified":"2022-12-11T16:28:54","modified_gmt":"2022-12-11T16:28:54","slug":"nacjonalizm-miedzymorze-sarmatyzm","status":"publish","type":"post","link":"http:\/\/kierunki.stronazen.pl\/?p=153","title":{"rendered":"Falanga Strace\u0144c\u00f3w"},"content":{"rendered":"\n<p><\/p>\n\n\n\n<p class=\"has-medium-font-size\"><br><strong>Rozpoczynasz kolejny dzie\u0144 i chocia\u017c w swoim \u017cyciu nie dostrzegasz niczego mistycznego, nie wyr\u00f3\u017cniasz si\u0119 z szarego t\u0142umu, to jednak jeste\u015b cz\u0105stk\u0105 pewnej rzeczywisto\u015bci.<\/strong> <\/p>\n\n\n\n<p class=\"has-medium-font-size\">Twoja Droga rozpocz\u0119\u0142a si\u0119 14 kwietnia 1934 roku. Stanowisz \u0142\u0105czno\u015b\u0107 z tymi, co Tob\u0105 tylko Duchem i Ide\u0105. Lata, trendy patriotyczne mijaj\u0105, a Ty nadal trwasz w swoim Narodowym Radykalizmie. I jest nas niewielu, ale jak kropla dr\u0105\u017c\u0105ca ska\u0142\u0119, wierzymy, \u017ce wydr\u0105\u017cymy kiedy\u015b w sercach i umys\u0142ach wsp\u00f3ln\u0105 ide\u0119, kierunek marszu, wsp\u00f3ln\u0105 pie\u015b\u0144 i to S\u0142owo, kt\u00f3re za\u0142opocze na sztandarach z ca\u0142\u0105 nale\u017cn\u0105 mu pot\u0119g\u0105 i si\u0142\u0105. Z wielko\u015bci\u0105, kt\u00f3ra jeszcze drzemie, ale nadejdzie jej czas, aby wybuchn\u0105\u0107 p\u0142omieniem milion\u00f3w pochodni.<\/p>\n\n\n\n<p class=\"has-medium-font-size\"><em>NAR\u00d3D!<br>NAR\u00d3D to program polityczny!<br>NAR\u00d3D to wizja solidaryzmu narodowego!<br>NAR\u00d3D to tre\u015b\u0107 \u0142adu gospodarczego opartego na sprawiedliwo\u015bci spo\u0142ecznej!<\/em><\/p>\n\n\n\n<p class=\"has-medium-font-size\">Dzi\u015b w szaty narodowc\u00f3w przebrali si\u0119 libera\u0142owie, kt\u00f3rzy ba\u0142wana wolnego rynku, uznaj\u0105cego za Absolut, obudowali has\u0142ami narodowymi i omamili fa\u0142szyw\u0105 wizj\u0105 wolno\u015bci, kt\u00f3rej miar\u0105 jest partykularny egoizm jednostki. Wolno\u015b\u0107 to Wsp\u00f3lnota Narodowa, kt\u00f3rej radykalizm wyznacza obowi\u0105zki cz\u0142owieka. \u017byjemy w czasach zmiany, kiedy ko\u0144cz\u0105 si\u0119 imperia, wali si\u0119 \u0142ad globalny. Ponowoczesno\u015b\u0107 i konsumpcjonizm wbrew przepowiedniom bankier\u00f3w i mi\u0119dzynarodowych korporacji nie pogrzeba\u0142y Tradycji i Wsp\u00f3lnoty pod gruzami galerii handlowych. Czas ideologii przepraszania za to, \u017ce jeste\u015b bia\u0142y, \u017ce jeste\u015b Polakiem. To czas, kiedy Narodowi Radyka\u0142owie mog\u0105 przedstawi\u0107 alternatyw\u0119 dla bankrutuj\u0105cego kapitalizmu i demoliberalnych elit.<\/p>\n\n\n\n<p class=\"has-medium-font-size\"><br>By\u0142 czas, \u017ce by\u0142o nas wi\u0119cej, toczyli\u015bmy dyskusje o Erze Jutra, najmniejszy przejaw aktywizmu w naszych umys\u0142ach by\u0142 wk\u0142adem w zbli\u017caj\u0105ce si\u0119 nieuchronnie zwyci\u0119stwo. Maszerowali\u015bmy wzbudzaj\u0105c l\u0119k wrog\u00f3w, \u017ce kiedy\u015b jutro, w naszym Jutrze. Gdzie s\u0105 dzi\u015b ci, kt\u00f3rzy kiedy\u015b tworzyli z nami jedn\u0105 Falang\u0119? Wci\u0105gn\u0119\u0142a ich proza \u017cycia. Jednak i oni tkwi\u0105 u\u015bpieni i wr\u00f3c\u0105 na Szlak Idei, kiedy przyjdzie czas. To Historia wyznacza nam dzi\u015b Misj\u0119 i Cele. Jak nigdy do tej pory musimy zdwoi\u0107 nasze wysi\u0142ki dla Sprawy. To bowiem dzi\u015b Narodowy Radykalizm idea Trzeciej Drogi mo\u017ce sta\u0107 si\u0119 t\u0105 alternatyw\u0105, kt\u00f3r\u0105 wybior\u0105 miliony.<\/p>\n\n\n\n<p class=\"has-medium-font-size\"><strong>NAPRZ\u00d3D IDZIEM W SKIER POWODZI!<\/strong><\/p>\n","protected":false},"excerpt":{"rendered":"<p>Rozpoczynasz kolejny dzie\u0144 i chocia\u017c w swoim \u017cyciu nie dostrzegasz niczego mistycznego, nie wyr\u00f3\u017cniasz si\u0119 z szarego t\u0142umu, to jednak jeste\u015b cz\u0105stk\u0105 pewnej rzeczywisto\u015bci. Twoja Droga rozpocz\u0119\u0142a si\u0119 14 kwietnia 1934 roku. Stanowisz \u0142\u0105czno\u015b\u0107 z tymi, co Tob\u0105 tylko Duchem i Ide\u0105. Lata, trendy patriotyczne mijaj\u0105, a Ty nadal trwasz w swoim Narodowym Radykalizmie. I [&#8230;]<\/p>\n<p><a class=\"btn btn-secondary understrap-read-more-link\" href=\"http:\/\/kierunki.stronazen.pl\/?p=153\">Czytaj dalej\u2026<span class=\"screen-reader-text\"> from Falanga Strace\u0144c\u00f3w<\/span><\/a><\/p>\n","protected":false},"author":4,"featured_media":188,"comment_status":"open","ping_status":"open","sticky":false,"template":"","format":"standard","meta":[],"categories":[1],"tags":[6],"acf":[],"_links":{"self":[{"href":"http:\/\/kierunki.stronazen.pl\/index.php?rest_route=\/wp\/v2\/posts\/153"}],"collection":[{"href":"http:\/\/kierunki.stronazen.pl\/index.php?rest_route=\/wp\/v2\/posts"}],"about":[{"href":"http:\/\/kierunki.stronazen.pl\/index.php?rest_route=\/wp\/v2\/types\/post"}],"author":[{"embeddable":true,"href":"http:\/\/kierunki.stronazen.pl\/index.php?rest_route=\/wp\/v2\/users\/4"}],"replies":[{"embeddable":true,"href":"http:\/\/kierunki.stronazen.pl\/index.php?rest_route=%2Fwp%2Fv2%2Fcomments&post=153"}],"version-history":[{"count":6,"href":"http:\/\/kierunki.stronazen.pl\/index.php?rest_route=\/wp\/v2\/posts\/153\/revisions"}],"predecessor-version":[{"id":189,"href":"http:\/\/kierunki.stronazen.pl\/index.php?rest_route=\/wp\/v2\/posts\/153\/revisions\/189"}],"wp:featuredmedia":[{"embeddable":true,"href":"http:\/\/kierunki.stronazen.pl\/index.php?rest_route=\/wp\/v2\/media\/188"}],"wp:attachment":[{"href":"http:\/\/kierunki.stronazen.pl\/index.php?rest_route=%2Fwp%2Fv2%2Fmedia&parent=153"}],"wp:term":[{"taxonomy":"category","embeddable":true,"href":"http:\/\/kierunki.stronazen.pl\/index.php?rest_route=%2Fwp%2Fv2%2Fcategories&post=153"},{"taxonomy":"post_tag","embeddable":true,"href":"http:\/\/kierunki.stronazen.pl\/index.php?rest_route=%2Fwp%2Fv2%2Ftags&post=153"}],"curies":[{"name":"wp","href":"https:\/\/api.w.org\/{rel}","templated":true}]}}